{"id":17886,"date":"2018-01-15T12:11:56","date_gmt":"2018-01-15T14:11:56","guid":{"rendered":"https:\/\/mercadobinario.com.br\/?p=17886"},"modified":"2018-01-15T13:51:37","modified_gmt":"2018-01-15T15:51:37","slug":"facebook-muda-feed-e-empresas-perdem-espaco","status":"publish","type":"post","link":"https:\/\/mercadobinario.com.br\/blog\/facebook-muda-feed-e-empresas-perdem-espaco\/","title":{"rendered":"Facebook muda feed de not\u00edcias e empresas perdem espa\u00e7o"},"content":{"rendered":"<p>\u00c9 isso a\u00ed, a era dos posts org\u00e2nicos para empresas est\u00e1 sofrendo grandes mudan\u00e7as. O nosso querido Zuckerberg <a href=\"https:\/\/www.facebook.com\/zuck\/posts\/10104413015393571\" target=\"_blank\" rel=\"noopener\">anunciou nesta quinta feira, 11<\/a>, que o <em>feed<\/em> do <strong>Facebook<\/strong> vai passar por mudan\u00e7as, mostrando mais as postagens de amigos na <em>timeline<\/em> dos usu\u00e1rios. Agora voc\u00ea vai ver muito mais as fotos do seu amigo de inf\u00e2ncia e daquele seu parente que n\u00e3o v\u00ea h\u00e1 anos, do que as <strong>novidades de uma p\u00e1gina que segue<\/strong>.<\/p>\n<p>Com mais de 2 bilh\u00f5es de usu\u00e1rios mensais, o <strong>Facebook<\/strong> \u00e9 a maior rede social do mundo. Segundo o cofundador, essa altera\u00e7\u00e3o visa voltar \u00e0s origens da empresa: conectar pessoas. &#8220;Pesquisas apontam que fortalecer nossas rela\u00e7\u00f5es melhoram nosso bem-estar e aumenta nossa felicidade&#8221;, disse o CEO da rede. Por\u00e9m, o feedback que a companhia recebeu dos usu\u00e1rios \u00e9 que conte\u00fado p\u00fablico &#8211; de p\u00e1ginas, empresas, portais de not\u00edcia &#8211; est\u00e3o estragando os momentos pessoais que conectam pessoas.<\/p>\n<blockquote><p>\u201cN\u00f3s sentimos uma responsabilidade para garantir que nossos servi\u00e7os n\u00e3o sejam apenas divertidos de usar, mas tamb\u00e9m sejam bons para o bem-estar das pessoas\u201d, comentou Zuckerberg.<\/p><\/blockquote>\n<p>Claro que voc\u00ea vai poder continuar visualizando as postagens de <strong>p\u00e1ginas<\/strong> que j\u00e1 segue, afinal ningu\u00e9m quer perder os memes, certo? Para isso, basta configurar quais publica\u00e7\u00f5es deseja ver primeiro no seu <em>feed<\/em>, desta forma essas p\u00e1ginas ser\u00e3o exibidas com maior frequ\u00eancia.<\/p>\n<figure id=\"attachment_17887\" aria-describedby=\"caption-attachment-17887\" style=\"width: 499px\" class=\"wp-caption aligncenter\"><a href=\"https:\/\/www.facebook.com\/zuck\/posts\/10104413015393571\" target=\"_blank\" rel=\"noopener\"><img loading=\"lazy\" class=\"wp-image-17887 size-full\" src=\"https:\/\/mercadobinario.com.br\/blog\/wp-content\/uploads\/2018\/01\/anuncio-zuckerberg-11-janeiro.jpg\" alt=\"\" width=\"499\" height=\"347\" srcset=\"https:\/\/mercadobinario.com.br\/blog\/wp-content\/uploads\/2018\/01\/anuncio-zuckerberg-11-janeiro.jpg 499w, https:\/\/mercadobinario.com.br\/blog\/wp-content\/uploads\/2018\/01\/anuncio-zuckerberg-11-janeiro-300x209.jpg 300w\" sizes=\"(max-width: 499px) 100vw, 499px\" \/><\/a><figcaption id=\"caption-attachment-17887\" class=\"wp-caption-text\">Clique na imagem e leia o pronunciamento completo na <em>timeline<\/em> do Fundador do Facebook.<\/figcaption><\/figure>\n<h3>Qual o impacto para as empresas?<\/h3>\n<p>A novidade desagradou as empresas, que investem tempo e dinheiro para ter suas p\u00e1ginas sempre alimentadas com <a href=\"https:\/\/mercadobinario.com.br\/blog\/2017\/12\/04\/video-o-que-e-mais-importante-no-inbound-marketing-conteudo-relevante-para-sua-empresa\/\" target=\"_blank\" rel=\"noopener\">conte\u00fados relevantes<\/a>. Esse descontentamento p\u00f4de ser visto imediatamente na bolsa de valores, pois as a\u00e7\u00f5es da rede social ca\u00edram 5% hoje.<\/p>\n<p>Segundo a empresa, como o espa\u00e7o do <em>feed<\/em> \u00e9 limitado, p\u00e1ginas p\u00fablicas poder\u00e3o ver seus n\u00fameros de alcance diminu\u00edrem, tempo de visualiza\u00e7\u00e3o de v\u00eddeo e direcionamento de tr\u00e1fego tamb\u00e9m ser\u00e3o afetados. Isso poder\u00e1 variar de um perfil p\u00fablico para o outro, na medida em que atingir\u00e1 mais as p\u00e1ginas com poucas taxas de coment\u00e1rios e postagens que promovam conversas. O Facebook diz que as p\u00e1ginas que que produzem conte\u00fado que gera <a href=\"https:\/\/mercadobinario.com.br\/blog\/2013\/04\/22\/voce-sabe-a-melhor-forma-de-engajar-seus-usuarios\/\" target=\"_blank\" rel=\"noopener\"><strong>engajamento<\/strong><\/a> sentir\u00e3o efeitos menores desta mudan\u00e7a, por\u00e9m o cen\u00e1rio \u00e9 de queda para todas as p\u00e1ginas em um primeiro momento.<\/p>\n<h3><strong>O que \u00e9 poss\u00edvel fazer para reverter o quadro?<\/strong><\/h3>\n<p>Em primeiro lugar, podemos dizer que se sua empresa n\u00e3o <strong>conversa<\/strong> com os clientes no <a href=\"https:\/\/mercadobinario.com.br\/blog\/2017\/11\/07\/video-dicas-de-facebook-ads-em-entrevista-exclusiva-com-fabio-prado-direto-do-rd-summit-nao-tenha-medo-d\/\" target=\"_blank\" rel=\"noopener\">Facebook<\/a>, voc\u00ea j\u00e1 estava com problemas. Em segundo, pelo menos dois caminhos s\u00e3o poss\u00edveis para controlar essa situa\u00e7\u00e3o: <strong>engaje e patrocine<\/strong>.<\/p>\n<p>A solu\u00e7\u00e3o um, \u00e9 usar a rede com a inten\u00e7\u00e3o com a qual ela foi criada: <strong>interaja com o seu p\u00fablico<\/strong>, crie <strong>conte\u00fado relevante<\/strong> que v\u00e1 gerar coment\u00e1rios, compartilhamentos e marca\u00e7\u00f5es. Afinal, a mudan\u00e7a do <em>feed<\/em> \u00e9 justamente para <strong>evitar o isolamento das pessoas dentro da rede<\/strong>.<\/p>\n<p>Como outra alternativa, os posts patrocinados no Facebook n\u00e3o devem ter o algoritmo alterado &#8211; pelo menos por enquanto &#8211; o que pode implicar em um maior investimento em <strong>Face Ads<\/strong> para manter o alcance. Essa \u00e9 uma estrat\u00e9gia simples e que pode garantir a presen\u00e7a da sua marca. Mas tome cuidado, publica\u00e7\u00f5es que pe\u00e7am curtidas, compartilhamento ou para marcar algu\u00e9m &#8211; t\u00edpico de postagem para promo\u00e7\u00f5es &#8211; j\u00e1 est\u00e3o na mira do Facebook.<\/p>\n<p>Vamos ficar atentos que outras mudan\u00e7as podem vir ainda em 2018. Ao divulgar as metas para o ano, Zuckerberg afirmou que uma delas \u00e9 <a href=\"https:\/\/www.facebook.com\/zuck\/posts\/10104380170714571\" target=\"_blank\" rel=\"noopener\">consertar o Facebook<\/a>, protegendo a comunidade do <strong>discurso de \u00f3dio<\/strong>, da <strong>interfer\u00eancia de Estados<\/strong> e melhorando a qualidade do tempo gasto na rede.<\/p>\n<p>Gostou desse conte\u00fado? Conhe\u00e7a a <a href=\"https:\/\/mercadobinario.com.br\/blog\/mercado-binario\/\" target=\"_blank\" rel=\"noopener\">Mercado Bin\u00e1rio<\/a>, nossos <a href=\"https:\/\/mercadobinario.com.br\/blog\/portfolio\/\" target=\"_blank\" rel=\"noopener\">clientes e cases<\/a> com resultados reais e efetivos! Acompanhe e compartilhe o nosso <a href=\"https:\/\/mercadobinario.com.br\/blog\/blog\/\" target=\"_blank\" rel=\"noopener\">blog<\/a>\u00a0para saber tudo sobre Marketing Digital. Confira nossos projetos de <a href=\"https:\/\/mercadobinario.com.br\/blog\/servicos\/\" target=\"_blank\" rel=\"noopener\">cria\u00e7\u00e3o de site<\/a>, todos compat\u00edveis com os dispositivos m\u00f3veis! Toda semana um v\u00eddeo novo no <a href=\"https:\/\/www.youtube.com\/mercadobinariobrasil\" target=\"_blank\" rel=\"noopener\">Canal MB<\/a>. Acesse tamb\u00e9m nosso\u00a0<a href=\"https:\/\/www.instagram.com\/mercadobinario\/\" target=\"_blank\" rel=\"noopener\">Instagram<\/a>.<\/p>\n","protected":false},"excerpt":{"rendered":"<p>\u00c9 isso a\u00ed, a era dos posts org\u00e2nicos para empresas est\u00e1 sofrendo grandes mudan\u00e7as. O nosso querido Zuckerberg anunciou nesta quinta feira, 11, que o feed do Facebook vai passar por mudan\u00e7as, mostrando mais as postagens de amigos na timeline dos usu\u00e1rios. Agora voc\u00ea vai ver muito mais as fotos do seu amigo de inf\u00e2ncia [&hellip;]<\/p>\n","protected":false},"author":11,"featured_media":17894,"comment_status":"open","ping_status":"open","sticky":false,"template":"","format":"standard","meta":{"_seopress_robots_primary_cat":"","inline_featured_image":false,"site-sidebar-layout":"default","site-content-layout":"","ast-site-content-layout":"","site-content-style":"default","site-sidebar-style":"default","ast-global-header-display":"","ast-banner-title-visibility":"","ast-main-header-display":"","ast-hfb-above-header-display":"","ast-hfb-below-header-display":"","ast-hfb-mobile-header-display":"","site-post-title":"","ast-breadcrumbs-content":"","ast-featured-img":"","footer-sml-layout":"","theme-transparent-header-meta":"","adv-header-id-meta":"","stick-header-meta":"","header-above-stick-meta":"","header-main-stick-meta":"","header-below-stick-meta":"","astra-migrate-meta-layouts":"default","ast-page-background-enabled":"default","ast-page-background-meta":{"desktop":{"background-color":"var(--ast-global-color-4)","background-image":"","background-repeat":"repeat","background-position":"center center","background-size":"auto","background-attachment":"scroll","background-type":"","background-media":"","overlay-type":"","overlay-color":"","overlay-opacity":"","overlay-gradient":""},"tablet":{"background-color":"","background-image":"","background-repeat":"repeat","background-position":"center center","background-size":"auto","background-attachment":"scroll","background-type":"","background-media":"","overlay-type":"","overlay-color":"","overlay-opacity":"","overlay-gradient":""},"mobile":{"background-color":"","background-image":"","background-repeat":"repeat","background-position":"center center","background-size":"auto","background-attachment":"scroll","background-type":"","background-media":"","overlay-type":"","overlay-color":"","overlay-opacity":"","overlay-gradient":""}},"ast-content-background-meta":{"desktop":{"background-color":"var(--ast-global-color-5)","background-image":"","background-repeat":"repeat","background-position":"center center","background-size":"auto","background-attachment":"scroll","background-type":"","background-media":"","overlay-type":"","overlay-color":"","overlay-opacity":"","overlay-gradient":""},"tablet":{"background-color":"var(--ast-global-color-5)","background-image":"","background-repeat":"repeat","background-position":"center center","background-size":"auto","background-attachment":"scroll","background-type":"","background-media":"","overlay-type":"","overlay-color":"","overlay-opacity":"","overlay-gradient":""},"mobile":{"background-color":"var(--ast-global-color-5)","background-image":"","background-repeat":"repeat","background-position":"center center","background-size":"auto","background-attachment":"scroll","background-type":"","background-media":"","overlay-type":"","overlay-color":"","overlay-opacity":"","overlay-gradient":""}}},"categories":[95,122],"tags":[80,203,124,810,143,812,809,528,807,808,268,134,806,811],"yoast_head":"<!-- This site is optimized with the Yoast SEO Premium plugin v17.3 (Yoast SEO v19.11) - https:\/\/yoast.com\/wordpress\/plugins\/seo\/ -->\n<title>Facebook muda feed de not\u00edcias e empresas perdem espa\u00e7o<\/title>\n<meta name=\"description\" content=\"Facebook muda feed de not\u00edcias pensando no bem-estar do usu\u00e1rio. Com isso, as empresas perdem espa\u00e7o de publicidade na rede. Confira os motivos da mudan\u00e7a!\" \/>\n<meta name=\"robots\" content=\"index, follow, max-snippet:-1, max-image-preview:large, max-video-preview:-1\" \/>\n<link rel=\"canonical\" href=\"https:\/\/mercadobinario.com.br\/blog\/facebook-muda-feed-e-empresas-perdem-espaco\/\" \/>\n<meta property=\"og:locale\" content=\"pt_BR\" \/>\n<meta property=\"og:type\" content=\"article\" \/>\n<meta property=\"og:title\" content=\"Facebook muda feed de not\u00edcias e empresas perdem espa\u00e7o\" \/>\n<meta property=\"og:description\" content=\"Facebook muda feed de not\u00edcias pensando no bem-estar do usu\u00e1rio. Com isso, as empresas perdem espa\u00e7o de publicidade na rede. Confira os motivos da mudan\u00e7a!\" \/>\n<meta property=\"og:url\" content=\"https:\/\/mercadobinario.com.br\/blog\/facebook-muda-feed-e-empresas-perdem-espaco\/\" \/>\n<meta property=\"og:site_name\" content=\"Mercado Bin\u00e1rio - Ag\u00eancia de marketing Digital\" \/>\n<meta property=\"article:publisher\" content=\"https:\/\/www.facebook.com\/mercadobinario\/\" \/>\n<meta property=\"article:published_time\" content=\"2018-01-15T14:11:56+00:00\" \/>\n<meta property=\"article:modified_time\" content=\"2018-01-15T15:51:37+00:00\" \/>\n<meta property=\"og:image\" content=\"https:\/\/mercadobinario.com.br\/blog\/wp-content\/uploads\/2018\/01\/facebook-muda-feed-e-empresas-perdem-espaco.jpg\" \/>\n\t<meta property=\"og:image:width\" content=\"1600\" \/>\n\t<meta property=\"og:image:height\" content=\"1067\" \/>\n\t<meta property=\"og:image:type\" content=\"image\/jpeg\" \/>\n<meta name=\"twitter:card\" content=\"summary_large_image\" \/>\n<meta name=\"twitter:creator\" content=\"@mercadobinario\" \/>\n<meta name=\"twitter:site\" content=\"@mercadobinario\" \/>\n<meta name=\"twitter:label1\" content=\"Escrito por\" \/>\n\t<meta name=\"twitter:data1\" content=\"\" \/>\n\t<meta name=\"twitter:label2\" content=\"Est. tempo de leitura\" \/>\n\t<meta name=\"twitter:data2\" content=\"4 minutos\" \/>\n<script type=\"application\/ld+json\" class=\"yoast-schema-graph\">{\"@context\":\"https:\/\/schema.org\",\"@graph\":[{\"@type\":\"WebPage\",\"@id\":\"https:\/\/mercadobinario.com.br\/blog\/facebook-muda-feed-e-empresas-perdem-espaco\/\",\"url\":\"https:\/\/mercadobinario.com.br\/blog\/facebook-muda-feed-e-empresas-perdem-espaco\/\",\"name\":\"Facebook muda feed de not\u00edcias e empresas perdem espa\u00e7o\",\"isPartOf\":{\"@id\":\"https:\/\/mercadobinario.com.br\/blog\/#website\"},\"datePublished\":\"2018-01-15T14:11:56+00:00\",\"dateModified\":\"2018-01-15T15:51:37+00:00\",\"author\":{\"@id\":\"\"},\"description\":\"Facebook muda feed de not\u00edcias pensando no bem-estar do usu\u00e1rio. Com isso, as empresas perdem espa\u00e7o de publicidade na rede. Confira os motivos da mudan\u00e7a!\",\"breadcrumb\":{\"@id\":\"https:\/\/mercadobinario.com.br\/blog\/facebook-muda-feed-e-empresas-perdem-espaco\/#breadcrumb\"},\"inLanguage\":\"pt-BR\",\"potentialAction\":[{\"@type\":\"ReadAction\",\"target\":[\"https:\/\/mercadobinario.com.br\/blog\/facebook-muda-feed-e-empresas-perdem-espaco\/\"]}]},{\"@type\":\"BreadcrumbList\",\"@id\":\"https:\/\/mercadobinario.com.br\/blog\/facebook-muda-feed-e-empresas-perdem-espaco\/#breadcrumb\",\"itemListElement\":[{\"@type\":\"ListItem\",\"position\":1,\"name\":\"In\u00edcio\",\"item\":\"https:\/\/mercadobinario.com.br\/blog\/\"},{\"@type\":\"ListItem\",\"position\":2,\"name\":\"Facebook muda feed de not\u00edcias e empresas perdem espa\u00e7o\"}]},{\"@type\":\"WebSite\",\"@id\":\"https:\/\/mercadobinario.com.br\/blog\/#website\",\"url\":\"https:\/\/mercadobinario.com.br\/blog\/\",\"name\":\"Mercado Binario Ag\u00eancia de Marketing Digital Curitiba e S\u00e3o Paulo\",\"description\":\"Ag\u00eancia de Marketing Digital em Curitiba - Somos a solu\u00e7\u00e3o completa para sua empresa. Com uma metodologia \u00fanica. Entre em contatoCria\u00e7\u00e3o de Sites, E-commerce, Automa\u00e7\u00e3o e Marketing Digital\",\"potentialAction\":[{\"@type\":\"SearchAction\",\"target\":{\"@type\":\"EntryPoint\",\"urlTemplate\":\"https:\/\/mercadobinario.com.br\/blog\/?s={search_term_string}\"},\"query-input\":\"required name=search_term_string\"}],\"inLanguage\":\"pt-BR\"},{\"@type\":\"Person\",\"@id\":\"\",\"url\":\"https:\/\/mercadobinario.com.br\/blog\/author\/\"}]}<\/script>\n<!-- \/ Yoast SEO Premium plugin. -->","yoast_head_json":{"title":"Facebook muda feed de not\u00edcias e empresas perdem espa\u00e7o","description":"Facebook muda feed de not\u00edcias pensando no bem-estar do usu\u00e1rio. Com isso, as empresas perdem espa\u00e7o de publicidade na rede. Confira os motivos da mudan\u00e7a!","robots":{"index":"index","follow":"follow","max-snippet":"max-snippet:-1","max-image-preview":"max-image-preview:large","max-video-preview":"max-video-preview:-1"},"canonical":"https:\/\/mercadobinario.com.br\/blog\/facebook-muda-feed-e-empresas-perdem-espaco\/","og_locale":"pt_BR","og_type":"article","og_title":"Facebook muda feed de not\u00edcias e empresas perdem espa\u00e7o","og_description":"Facebook muda feed de not\u00edcias pensando no bem-estar do usu\u00e1rio. Com isso, as empresas perdem espa\u00e7o de publicidade na rede. Confira os motivos da mudan\u00e7a!","og_url":"https:\/\/mercadobinario.com.br\/blog\/facebook-muda-feed-e-empresas-perdem-espaco\/","og_site_name":"Mercado Bin\u00e1rio - Ag\u00eancia de marketing Digital","article_publisher":"https:\/\/www.facebook.com\/mercadobinario\/","article_published_time":"2018-01-15T14:11:56+00:00","article_modified_time":"2018-01-15T15:51:37+00:00","og_image":[{"width":1600,"height":1067,"url":"https:\/\/mercadobinario.com.br\/blog\/wp-content\/uploads\/2018\/01\/facebook-muda-feed-e-empresas-perdem-espaco.jpg","type":"image\/jpeg"}],"twitter_card":"summary_large_image","twitter_creator":"@mercadobinario","twitter_site":"@mercadobinario","twitter_misc":{"Escrito por":"","Est. tempo de leitura":"4 minutos"},"schema":{"@context":"https:\/\/schema.org","@graph":[{"@type":"WebPage","@id":"https:\/\/mercadobinario.com.br\/blog\/facebook-muda-feed-e-empresas-perdem-espaco\/","url":"https:\/\/mercadobinario.com.br\/blog\/facebook-muda-feed-e-empresas-perdem-espaco\/","name":"Facebook muda feed de not\u00edcias e empresas perdem espa\u00e7o","isPartOf":{"@id":"https:\/\/mercadobinario.com.br\/blog\/#website"},"datePublished":"2018-01-15T14:11:56+00:00","dateModified":"2018-01-15T15:51:37+00:00","author":{"@id":""},"description":"Facebook muda feed de not\u00edcias pensando no bem-estar do usu\u00e1rio. Com isso, as empresas perdem espa\u00e7o de publicidade na rede. Confira os motivos da mudan\u00e7a!","breadcrumb":{"@id":"https:\/\/mercadobinario.com.br\/blog\/facebook-muda-feed-e-empresas-perdem-espaco\/#breadcrumb"},"inLanguage":"pt-BR","potentialAction":[{"@type":"ReadAction","target":["https:\/\/mercadobinario.com.br\/blog\/facebook-muda-feed-e-empresas-perdem-espaco\/"]}]},{"@type":"BreadcrumbList","@id":"https:\/\/mercadobinario.com.br\/blog\/facebook-muda-feed-e-empresas-perdem-espaco\/#breadcrumb","itemListElement":[{"@type":"ListItem","position":1,"name":"In\u00edcio","item":"https:\/\/mercadobinario.com.br\/blog\/"},{"@type":"ListItem","position":2,"name":"Facebook muda feed de not\u00edcias e empresas perdem espa\u00e7o"}]},{"@type":"WebSite","@id":"https:\/\/mercadobinario.com.br\/blog\/#website","url":"https:\/\/mercadobinario.com.br\/blog\/","name":"Mercado Binario Ag\u00eancia de Marketing Digital Curitiba e S\u00e3o Paulo","description":"Ag\u00eancia de Marketing Digital em Curitiba - Somos a solu\u00e7\u00e3o completa para sua empresa. Com uma metodologia \u00fanica. Entre em contatoCria\u00e7\u00e3o de Sites, E-commerce, Automa\u00e7\u00e3o e Marketing Digital","potentialAction":[{"@type":"SearchAction","target":{"@type":"EntryPoint","urlTemplate":"https:\/\/mercadobinario.com.br\/blog\/?s={search_term_string}"},"query-input":"required name=search_term_string"}],"inLanguage":"pt-BR"},{"@type":"Person","@id":"","url":"https:\/\/mercadobinario.com.br\/blog\/author\/"}]}},"_links":{"self":[{"href":"https:\/\/mercadobinario.com.br\/blog\/wp-json\/wp\/v2\/posts\/17886"}],"collection":[{"href":"https:\/\/mercadobinario.com.br\/blog\/wp-json\/wp\/v2\/posts"}],"about":[{"href":"https:\/\/mercadobinario.com.br\/blog\/wp-json\/wp\/v2\/types\/post"}],"author":[{"embeddable":true,"href":"https:\/\/mercadobinario.com.br\/blog\/wp-json\/wp\/v2\/users\/11"}],"replies":[{"embeddable":true,"href":"https:\/\/mercadobinario.com.br\/blog\/wp-json\/wp\/v2\/comments?post=17886"}],"version-history":[{"count":0,"href":"https:\/\/mercadobinario.com.br\/blog\/wp-json\/wp\/v2\/posts\/17886\/revisions"}],"wp:featuredmedia":[{"embeddable":true,"href":"https:\/\/mercadobinario.com.br\/blog\/wp-json\/wp\/v2\/media\/17894"}],"wp:attachment":[{"href":"https:\/\/mercadobinario.com.br\/blog\/wp-json\/wp\/v2\/media?parent=17886"}],"wp:term":[{"taxonomy":"category","embeddable":true,"href":"https:\/\/mercadobinario.com.br\/blog\/wp-json\/wp\/v2\/categories?post=17886"},{"taxonomy":"post_tag","embeddable":true,"href":"https:\/\/mercadobinario.com.br\/blog\/wp-json\/wp\/v2\/tags?post=17886"}],"curies":[{"name":"wp","href":"https:\/\/api.w.org\/{rel}","templated":true}]}}